{"id":539,"date":"2023-05-22T12:57:23","date_gmt":"2023-05-22T10:57:23","guid":{"rendered":"https:\/\/porteslorenzo.apprendes.es\/?p=539"},"modified":"2025-07-01T18:04:52","modified_gmt":"2025-07-01T16:04:52","slug":"mudanza-en-tiempos-de-covid-5-razones-para-trasladarse-de-la-gran-urbe","status":"publish","type":"post","link":"https:\/\/porteslorenzo.es\/en\/mudanza-en-tiempos-de-covid-5-razones-para-trasladarse-de-la-gran-urbe\/","title":{"rendered":"Moving in times of Covid: 5 reasons to move from the big city"},"content":{"rendered":"<h2 class=\"wp-block-heading has-text-color\" style=\"color:#171796\">The pandemic invites us to move from the city<\/h2>\n\n\n\n<figure class=\"wp-block-image size-large is-resized\"><img fetchpriority=\"high\" decoding=\"async\" src=\"https:\/\/porteslorenzo.apprendes.es\/wp-content\/uploads\/2023\/05\/photo-1476209446441-5ad72f223207-1920w-1024x769.webp\" alt=\"\" class=\"wp-image-541\" width=\"955\" height=\"716\" srcset=\"https:\/\/porteslorenzo.es\/wp-content\/uploads\/2023\/05\/photo-1476209446441-5ad72f223207-1920w-1024x769.webp 1024w, https:\/\/porteslorenzo.es\/wp-content\/uploads\/2023\/05\/photo-1476209446441-5ad72f223207-1920w-600x451.webp 600w, https:\/\/porteslorenzo.es\/wp-content\/uploads\/2023\/05\/photo-1476209446441-5ad72f223207-1920w-300x225.webp 300w, https:\/\/porteslorenzo.es\/wp-content\/uploads\/2023\/05\/photo-1476209446441-5ad72f223207-1920w-768x577.webp 768w, https:\/\/porteslorenzo.es\/wp-content\/uploads\/2023\/05\/photo-1476209446441-5ad72f223207-1920w-1536x1154.webp 1536w, https:\/\/porteslorenzo.es\/wp-content\/uploads\/2023\/05\/photo-1476209446441-5ad72f223207-1920w.webp 1920w\" sizes=\"(max-width: 955px) 100vw, 955px\" \/><\/figure>\n\n\n\n<div style=\"height:100px\" aria-hidden=\"true\" class=\"wp-block-spacer\"><\/div>\n\n\n\n<p>The covid-19 pandemic that has ravaged the planet since March 2020 seems to have&nbsp;<strong>put a diametrical twist on much of the life we knew<\/strong>&nbsp;until now.<\/p>\n\n\n\n<p>The confinement, the forced distance from relatives and friends, the cerval fear of contagion, the uncertainty, the economic recession and the frustration generated by the pitiful context have brought a plethora of changes, among them, a&nbsp;<strong>change of residence for many<\/strong>, lucky ones?<\/p>\n\n\n\n<p>According to the latest mobility report recently carried out by Google,&nbsp;<strong>home removals have increased by 22% in our country in recent months<\/strong>. In turn, Idealista, one of the main national real estate portals, points out that interest in homes (especially single-family homes) in towns with fewer than 5,000 inhabitants has rebounded strongly, according to data from its search engine:<\/p>\n\n\n\n<p>Increase of 13.2% and 14.8% respectively in June and November 2020 and 10.1% in January 2021 in searches for its website. um. Something is happening. It seems to us that a not inconsiderable number of urbanites are considering returning to town. Or have one, come on.<\/p>\n\n\n\n<p>To change their home, location and life, many people have chosen to hire specialized removal services, such as Portes Lorenzo, although there are also those who choose to do it on their own.<\/p>\n\n\n\n<p>Whatever your move, they are\u00a0<strong>various motivations that have led these compatriots to want to move from Lar<\/strong>\u00a0during the health emergency:<br><\/p>\n\n\n\n<h2 class=\"wp-block-heading has-text-color\" style=\"color:#171796\"><strong>Top reasons for moving out of town<\/strong><\/h2>\n\n\n\n<p class=\"has-text-color\" style=\"color:#171796\"><strong>1) Wider spaces<\/strong><\/p>\n\n\n\n<p>The confinement has forced us to remain locked between four walls longer than desired, without being able to see the sunlight (in many cases) or stretch our legs.<\/p>\n\n\n\n<p>On the other hand, in numerous cases, the more affluent have had to&nbsp;<strong>restructure part of the house<\/strong>&nbsp;to accommodate an improvised office, a playroom for children or a gym.<\/p>\n\n\n\n<p>On other occasions, the less affluent have been able to verify how their homes have not given more of themselves and the dining room has become a multipurpose space, the bathroom a gym and the balcony a running track...<br>For this reason, a large group of urbanites has decided or is thinking of&nbsp;<strong>move to another place that better suits your new reality<\/strong>, realizing that the requirements that had based their choice of housing, were no longer valid.<\/p>\n\n\n\n<p class=\"has-text-color\" style=\"color:#171796\"><strong>2) Rural areas not overcrowded<\/strong><\/p>\n\n\n\n<p>Until now, living in an apartment in a city, as central as possible, if the pocket was good, was the dominant trend in society.<\/p>\n\n\n\n<p>As a result of the pandemic, and perhaps also stimulated by a greater awareness that new challenges facing humanity such as climate change may precipitate even greater restrictions, they have contributed to a growing percentage of people looking at&nbsp;<strong>move to more rugged and less crowded areas<\/strong>, with the aim of avoiding crowds, having fewer mobility limitations, enjoying outdoor spaces or even in order to change the consumption model and set up an organic garden and live with fewer resources.<\/p>\n\n\n\n<p>De cualquier manera, la nueva \u201cmoda\u201d es alejarse de las metr\u00f3polis y abrazar la vida \u00abbuc\u00f3lica y pastoril\u201d. \u00bfCu\u00e1nto durar\u00e1? Iremos observando.<\/p>\n\n\n\n<p>In either case, a&nbsp;<strong>moving, which is still a life change, is an event, a priori, stressful that has its \"trick\" and its difficulties if it is not planned and executed well<\/strong>.<\/p>\n\n\n\n<p>To this, in addition, we now have to add the limitations imposed by the pandemic that make it even more complex.<\/p>\n\n\n\n<p class=\"has-text-color\" style=\"color:#171796\"><strong>3) Budget cuts<\/strong><\/p>\n\n\n\n<p>With the economic crisis caused by the global epidemic,\u00a0<strong>a notable percentage of citizens have lost their jobs, are in ERTE, have reduced their working hours or have suffered some type of salary cut<\/strong>. Those with a broader ability to adapt (single people, couples without children or with children already raised, teleworkers, etc.) can consider\u00a0<strong>look for cheaper life options, go back to your roots or start a business project<\/strong>\u00a0in the countryside or a small seaside town.<\/p>\n\n\n\n<p class=\"has-text-color\" style=\"color:#171796\"><strong>4) More alternative life<\/strong><\/p>\n\n\n\n<p>We cannot forget who already had it in their heads or who was born because of the situation&nbsp;<strong>yearning to build a quieter or alternative existence in out-of-the-way places<\/strong>, more in keeping with the rhythm of nature, outside the usual channels of production and consumption.<\/p>\n\n\n\n<p>Undoubtedly, residing beyond the city, needs, like the rhythm of life, seem to slow down or moderate, with which it is also necessary to work less or, at least, at a different speed, to sustain oneself.<\/p>\n\n\n\n<p class=\"has-text-color\" style=\"color:#171796\"><strong>5) Security in the face of an uncertain future<\/strong><\/p>\n\n\n\n<p>The health crisis seems to be a snort from the planet that something is not right. Other increasingly frequent disasters, largely linked to climate change, are showing us their jaws, such as the tremendous storm \u201cFilomena\u201d that once paralyzed the urban world and has shown that&nbsp;<strong>Not by inhabiting a populous nucleus, one has more comfort or security.<\/strong><\/p>\n\n\n\n<p>For some people,&nbsp;<strong>living in an environment that is more controllable and where one can potentially count on greater self-sufficiency<\/strong><strong>to<\/strong>&nbsp;(perhaps grow your own food; supply yourself with electricity or receive more neighborhood solidarity),&nbsp;<strong>It generates more security in anticipation of upcoming situations of uncertainty<\/strong>&nbsp;budding.<\/p>\n\n\n\n<p>If we add to this the freedom with which the offspring grow, the quality of the air and better contact with the natural environment, it is understandable that&nbsp;<strong>many people are considering fleeing the metropolis<\/strong>.<br>And you, wouldn't you like to have your own garden? Some chickens? Waking up in the morning listening to the singing of the birds and not the roar of the engines? Long live the peoples!<\/p>","protected":false},"excerpt":{"rendered":"<p>La pandemia nos invita a mudarnos de la ciudad La pandemia de covid-19 que asola el planeta desde marzo del 2020 parece haber&nbsp;imprimido un giro diametral a gran parte de la vida que conoc\u00edamos&nbsp;hasta ahora. El confinamiento, la lejan\u00eda forzosa de allegados y amigos, el miedo cerval al contagio, la incertidumbre, la recesi\u00f3n econ\u00f3mica y [&hellip;]<\/p>\n","protected":false},"author":1,"featured_media":540,"comment_status":"closed","ping_status":"closed","sticky":false,"template":"","format":"standard","meta":{"_glsr_average":0,"_glsr_ranking":0,"_glsr_reviews":0,"footnotes":""},"categories":[29],"tags":[],"class_list":["post-539","post","type-post","status-publish","format-standard","has-post-thumbnail","hentry","category-mudanzas"],"yoast_head":"<!-- This site is optimized with the Yoast SEO plugin v27.5 - https:\/\/yoast.com\/product\/yoast-seo-wordpress\/ -->\n<title>Mudanza en tiempos de Covid: 5 razones para trasladarse de la gran urbe - Portes Lorenzo<\/title>\n<meta name=\"robots\" content=\"index, follow, max-snippet:-1, max-image-preview:large, max-video-preview:-1\" \/>\n<link rel=\"canonical\" href=\"https:\/\/porteslorenzo.es\/en\/mudanza-en-tiempos-de-covid-5-razones-para-trasladarse-de-la-gran-urbe\/\" \/>\n<meta property=\"og:locale\" content=\"en_GB\" \/>\n<meta property=\"og:type\" content=\"article\" \/>\n<meta property=\"og:title\" content=\"Mudanza en tiempos de Covid: 5 razones para trasladarse de la gran urbe - Portes Lorenzo\" \/>\n<meta property=\"og:description\" content=\"La pandemia nos invita a mudarnos de la ciudad La pandemia de covid-19 que asola el planeta desde marzo del 2020 parece haber&nbsp;imprimido un giro diametral a gran parte de la vida que conoc\u00edamos&nbsp;hasta ahora. El confinamiento, la lejan\u00eda forzosa de allegados y amigos, el miedo cerval al contagio, la incertidumbre, la recesi\u00f3n econ\u00f3mica y [&hellip;]\" \/>\n<meta property=\"og:url\" content=\"https:\/\/porteslorenzo.es\/en\/mudanza-en-tiempos-de-covid-5-razones-para-trasladarse-de-la-gran-urbe\/\" \/>\n<meta property=\"og:site_name\" content=\"Portes Lorenzo\" \/>\n<meta property=\"article:publisher\" content=\"https:\/\/www.facebook.com\/porteslorenzo\" \/>\n<meta property=\"article:published_time\" content=\"2023-05-22T10:57:23+00:00\" \/>\n<meta property=\"article:modified_time\" content=\"2025-07-01T16:04:52+00:00\" \/>\n<meta property=\"og:image\" content=\"https:\/\/porteslorenzo.es\/wp-content\/uploads\/2023\/05\/photo-1585493847219-1841f43c67a4-1920w.webp\" \/>\n\t<meta property=\"og:image:width\" content=\"1920\" \/>\n\t<meta property=\"og:image:height\" content=\"1280\" \/>\n\t<meta property=\"og:image:type\" content=\"image\/webp\" \/>\n<meta name=\"author\" content=\"admin\" \/>\n<meta name=\"twitter:card\" content=\"summary_large_image\" \/>\n<meta name=\"twitter:label1\" content=\"Written by\" \/>\n\t<meta name=\"twitter:data1\" content=\"admin\" \/>\n\t<meta name=\"twitter:label2\" content=\"Estimated reading time\" \/>\n\t<meta name=\"twitter:data2\" content=\"5 minutes\" \/>\n<script type=\"application\/ld+json\" class=\"yoast-schema-graph\">{\"@context\":\"https:\\\/\\\/schema.org\",\"@graph\":[{\"@type\":\"Article\",\"@id\":\"https:\\\/\\\/porteslorenzo.es\\\/mudanza-en-tiempos-de-covid-5-razones-para-trasladarse-de-la-gran-urbe\\\/#article\",\"isPartOf\":{\"@id\":\"https:\\\/\\\/porteslorenzo.es\\\/mudanza-en-tiempos-de-covid-5-razones-para-trasladarse-de-la-gran-urbe\\\/\"},\"author\":{\"name\":\"admin\",\"@id\":\"https:\\\/\\\/porteslorenzo.es\\\/#\\\/schema\\\/person\\\/34acffd113866aa26e665730fc932d5b\"},\"headline\":\"Mudanza en tiempos de Covid: 5 razones para trasladarse de la gran urbe\",\"datePublished\":\"2023-05-22T10:57:23+00:00\",\"dateModified\":\"2025-07-01T16:04:52+00:00\",\"mainEntityOfPage\":{\"@id\":\"https:\\\/\\\/porteslorenzo.es\\\/mudanza-en-tiempos-de-covid-5-razones-para-trasladarse-de-la-gran-urbe\\\/\"},\"wordCount\":1044,\"publisher\":{\"@id\":\"https:\\\/\\\/porteslorenzo.es\\\/#organization\"},\"image\":{\"@id\":\"https:\\\/\\\/porteslorenzo.es\\\/mudanza-en-tiempos-de-covid-5-razones-para-trasladarse-de-la-gran-urbe\\\/#primaryimage\"},\"thumbnailUrl\":\"https:\\\/\\\/porteslorenzo.es\\\/wp-content\\\/uploads\\\/2023\\\/05\\\/photo-1585493847219-1841f43c67a4-1920w.webp\",\"articleSection\":[\"Mudanzas\"],\"inLanguage\":\"en-GB\"},{\"@type\":\"WebPage\",\"@id\":\"https:\\\/\\\/porteslorenzo.es\\\/mudanza-en-tiempos-de-covid-5-razones-para-trasladarse-de-la-gran-urbe\\\/\",\"url\":\"https:\\\/\\\/porteslorenzo.es\\\/mudanza-en-tiempos-de-covid-5-razones-para-trasladarse-de-la-gran-urbe\\\/\",\"name\":\"Mudanza en tiempos de Covid: 5 razones para trasladarse de la gran urbe - Portes Lorenzo\",\"isPartOf\":{\"@id\":\"https:\\\/\\\/porteslorenzo.es\\\/#website\"},\"primaryImageOfPage\":{\"@id\":\"https:\\\/\\\/porteslorenzo.es\\\/mudanza-en-tiempos-de-covid-5-razones-para-trasladarse-de-la-gran-urbe\\\/#primaryimage\"},\"image\":{\"@id\":\"https:\\\/\\\/porteslorenzo.es\\\/mudanza-en-tiempos-de-covid-5-razones-para-trasladarse-de-la-gran-urbe\\\/#primaryimage\"},\"thumbnailUrl\":\"https:\\\/\\\/porteslorenzo.es\\\/wp-content\\\/uploads\\\/2023\\\/05\\\/photo-1585493847219-1841f43c67a4-1920w.webp\",\"datePublished\":\"2023-05-22T10:57:23+00:00\",\"dateModified\":\"2025-07-01T16:04:52+00:00\",\"breadcrumb\":{\"@id\":\"https:\\\/\\\/porteslorenzo.es\\\/mudanza-en-tiempos-de-covid-5-razones-para-trasladarse-de-la-gran-urbe\\\/#breadcrumb\"},\"inLanguage\":\"en-GB\",\"potentialAction\":[{\"@type\":\"ReadAction\",\"target\":[\"https:\\\/\\\/porteslorenzo.es\\\/mudanza-en-tiempos-de-covid-5-razones-para-trasladarse-de-la-gran-urbe\\\/\"]}]},{\"@type\":\"ImageObject\",\"inLanguage\":\"en-GB\",\"@id\":\"https:\\\/\\\/porteslorenzo.es\\\/mudanza-en-tiempos-de-covid-5-razones-para-trasladarse-de-la-gran-urbe\\\/#primaryimage\",\"url\":\"https:\\\/\\\/porteslorenzo.es\\\/wp-content\\\/uploads\\\/2023\\\/05\\\/photo-1585493847219-1841f43c67a4-1920w.webp\",\"contentUrl\":\"https:\\\/\\\/porteslorenzo.es\\\/wp-content\\\/uploads\\\/2023\\\/05\\\/photo-1585493847219-1841f43c67a4-1920w.webp\",\"width\":1920,\"height\":1280},{\"@type\":\"BreadcrumbList\",\"@id\":\"https:\\\/\\\/porteslorenzo.es\\\/mudanza-en-tiempos-de-covid-5-razones-para-trasladarse-de-la-gran-urbe\\\/#breadcrumb\",\"itemListElement\":[{\"@type\":\"ListItem\",\"position\":1,\"name\":\"Portada\",\"item\":\"https:\\\/\\\/porteslorenzo.es\\\/\"},{\"@type\":\"ListItem\",\"position\":2,\"name\":\"Mudanza en tiempos de Covid: 5 razones para trasladarse de la gran urbe\"}]},{\"@type\":\"WebSite\",\"@id\":\"https:\\\/\\\/porteslorenzo.es\\\/#website\",\"url\":\"https:\\\/\\\/porteslorenzo.es\\\/\",\"name\":\"Portes Lorenzo\",\"description\":\"Mudanzas, traslados y transportes industriales de manera f\u00e1cil, flexible y econ\u00f3mica por Madrid, nacional o internacional, para particulares y empresas.\",\"publisher\":{\"@id\":\"https:\\\/\\\/porteslorenzo.es\\\/#organization\"},\"potentialAction\":[{\"@type\":\"SearchAction\",\"target\":{\"@type\":\"EntryPoint\",\"urlTemplate\":\"https:\\\/\\\/porteslorenzo.es\\\/?s={search_term_string}\"},\"query-input\":{\"@type\":\"PropertyValueSpecification\",\"valueRequired\":true,\"valueName\":\"search_term_string\"}}],\"inLanguage\":\"en-GB\"},{\"@type\":\"Organization\",\"@id\":\"https:\\\/\\\/porteslorenzo.es\\\/#organization\",\"name\":\"Portes Lorenzo\",\"url\":\"https:\\\/\\\/porteslorenzo.es\\\/\",\"logo\":{\"@type\":\"ImageObject\",\"inLanguage\":\"en-GB\",\"@id\":\"https:\\\/\\\/porteslorenzo.es\\\/#\\\/schema\\\/logo\\\/image\\\/\",\"url\":\"https:\\\/\\\/porteslorenzo.es\\\/wp-content\\\/uploads\\\/2024\\\/06\\\/Portes_y_Mudanzas_Lorenzo_logo.webp\",\"contentUrl\":\"https:\\\/\\\/porteslorenzo.es\\\/wp-content\\\/uploads\\\/2024\\\/06\\\/Portes_y_Mudanzas_Lorenzo_logo.webp\",\"width\":521,\"height\":148,\"caption\":\"Portes Lorenzo\"},\"image\":{\"@id\":\"https:\\\/\\\/porteslorenzo.es\\\/#\\\/schema\\\/logo\\\/image\\\/\"},\"sameAs\":[\"https:\\\/\\\/www.facebook.com\\\/porteslorenzo\",\"https:\\\/\\\/www.linkedin.com\\\/company\\\/portes-lorenzo\\\/\",\"https:\\\/\\\/www.instagram.com\\\/portes_lorenzo\\\/\"]},{\"@type\":\"Person\",\"@id\":\"https:\\\/\\\/porteslorenzo.es\\\/#\\\/schema\\\/person\\\/34acffd113866aa26e665730fc932d5b\",\"name\":\"admin\",\"image\":{\"@type\":\"ImageObject\",\"inLanguage\":\"en-GB\",\"@id\":\"https:\\\/\\\/secure.gravatar.com\\\/avatar\\\/965d47d63b7e157e451baceadadb7178d620029904d8f1ae49b1ae3b58e3481f?s=96&d=mm&r=g\",\"url\":\"https:\\\/\\\/secure.gravatar.com\\\/avatar\\\/965d47d63b7e157e451baceadadb7178d620029904d8f1ae49b1ae3b58e3481f?s=96&d=mm&r=g\",\"contentUrl\":\"https:\\\/\\\/secure.gravatar.com\\\/avatar\\\/965d47d63b7e157e451baceadadb7178d620029904d8f1ae49b1ae3b58e3481f?s=96&d=mm&r=g\",\"caption\":\"admin\"},\"url\":\"https:\\\/\\\/porteslorenzo.es\\\/en\\\/author\\\/admin\\\/\"}]}<\/script>\n<!-- \/ Yoast SEO plugin. -->","yoast_head_json":{"title":"Mudanza en tiempos de Covid: 5 razones para trasladarse de la gran urbe - Portes Lorenzo","robots":{"index":"index","follow":"follow","max-snippet":"max-snippet:-1","max-image-preview":"max-image-preview:large","max-video-preview":"max-video-preview:-1"},"canonical":"https:\/\/porteslorenzo.es\/en\/mudanza-en-tiempos-de-covid-5-razones-para-trasladarse-de-la-gran-urbe\/","og_locale":"en_GB","og_type":"article","og_title":"Mudanza en tiempos de Covid: 5 razones para trasladarse de la gran urbe - Portes Lorenzo","og_description":"La pandemia nos invita a mudarnos de la ciudad La pandemia de covid-19 que asola el planeta desde marzo del 2020 parece haber&nbsp;imprimido un giro diametral a gran parte de la vida que conoc\u00edamos&nbsp;hasta ahora. El confinamiento, la lejan\u00eda forzosa de allegados y amigos, el miedo cerval al contagio, la incertidumbre, la recesi\u00f3n econ\u00f3mica y [&hellip;]","og_url":"https:\/\/porteslorenzo.es\/en\/mudanza-en-tiempos-de-covid-5-razones-para-trasladarse-de-la-gran-urbe\/","og_site_name":"Portes Lorenzo","article_publisher":"https:\/\/www.facebook.com\/porteslorenzo","article_published_time":"2023-05-22T10:57:23+00:00","article_modified_time":"2025-07-01T16:04:52+00:00","og_image":[{"width":1920,"height":1280,"url":"https:\/\/porteslorenzo.es\/wp-content\/uploads\/2023\/05\/photo-1585493847219-1841f43c67a4-1920w.webp","type":"image\/webp"}],"author":"admin","twitter_card":"summary_large_image","twitter_misc":{"Written by":"admin","Estimated reading time":"5 minutes"},"schema":{"@context":"https:\/\/schema.org","@graph":[{"@type":"Article","@id":"https:\/\/porteslorenzo.es\/mudanza-en-tiempos-de-covid-5-razones-para-trasladarse-de-la-gran-urbe\/#article","isPartOf":{"@id":"https:\/\/porteslorenzo.es\/mudanza-en-tiempos-de-covid-5-razones-para-trasladarse-de-la-gran-urbe\/"},"author":{"name":"admin","@id":"https:\/\/porteslorenzo.es\/#\/schema\/person\/34acffd113866aa26e665730fc932d5b"},"headline":"Mudanza en tiempos de Covid: 5 razones para trasladarse de la gran urbe","datePublished":"2023-05-22T10:57:23+00:00","dateModified":"2025-07-01T16:04:52+00:00","mainEntityOfPage":{"@id":"https:\/\/porteslorenzo.es\/mudanza-en-tiempos-de-covid-5-razones-para-trasladarse-de-la-gran-urbe\/"},"wordCount":1044,"publisher":{"@id":"https:\/\/porteslorenzo.es\/#organization"},"image":{"@id":"https:\/\/porteslorenzo.es\/mudanza-en-tiempos-de-covid-5-razones-para-trasladarse-de-la-gran-urbe\/#primaryimage"},"thumbnailUrl":"https:\/\/porteslorenzo.es\/wp-content\/uploads\/2023\/05\/photo-1585493847219-1841f43c67a4-1920w.webp","articleSection":["Mudanzas"],"inLanguage":"en-GB"},{"@type":"WebPage","@id":"https:\/\/porteslorenzo.es\/mudanza-en-tiempos-de-covid-5-razones-para-trasladarse-de-la-gran-urbe\/","url":"https:\/\/porteslorenzo.es\/mudanza-en-tiempos-de-covid-5-razones-para-trasladarse-de-la-gran-urbe\/","name":"Mudanza en tiempos de Covid: 5 razones para trasladarse de la gran urbe - Portes Lorenzo","isPartOf":{"@id":"https:\/\/porteslorenzo.es\/#website"},"primaryImageOfPage":{"@id":"https:\/\/porteslorenzo.es\/mudanza-en-tiempos-de-covid-5-razones-para-trasladarse-de-la-gran-urbe\/#primaryimage"},"image":{"@id":"https:\/\/porteslorenzo.es\/mudanza-en-tiempos-de-covid-5-razones-para-trasladarse-de-la-gran-urbe\/#primaryimage"},"thumbnailUrl":"https:\/\/porteslorenzo.es\/wp-content\/uploads\/2023\/05\/photo-1585493847219-1841f43c67a4-1920w.webp","datePublished":"2023-05-22T10:57:23+00:00","dateModified":"2025-07-01T16:04:52+00:00","breadcrumb":{"@id":"https:\/\/porteslorenzo.es\/mudanza-en-tiempos-de-covid-5-razones-para-trasladarse-de-la-gran-urbe\/#breadcrumb"},"inLanguage":"en-GB","potentialAction":[{"@type":"ReadAction","target":["https:\/\/porteslorenzo.es\/mudanza-en-tiempos-de-covid-5-razones-para-trasladarse-de-la-gran-urbe\/"]}]},{"@type":"ImageObject","inLanguage":"en-GB","@id":"https:\/\/porteslorenzo.es\/mudanza-en-tiempos-de-covid-5-razones-para-trasladarse-de-la-gran-urbe\/#primaryimage","url":"https:\/\/porteslorenzo.es\/wp-content\/uploads\/2023\/05\/photo-1585493847219-1841f43c67a4-1920w.webp","contentUrl":"https:\/\/porteslorenzo.es\/wp-content\/uploads\/2023\/05\/photo-1585493847219-1841f43c67a4-1920w.webp","width":1920,"height":1280},{"@type":"BreadcrumbList","@id":"https:\/\/porteslorenzo.es\/mudanza-en-tiempos-de-covid-5-razones-para-trasladarse-de-la-gran-urbe\/#breadcrumb","itemListElement":[{"@type":"ListItem","position":1,"name":"Portada","item":"https:\/\/porteslorenzo.es\/"},{"@type":"ListItem","position":2,"name":"Mudanza en tiempos de Covid: 5 razones para trasladarse de la gran urbe"}]},{"@type":"WebSite","@id":"https:\/\/porteslorenzo.es\/#website","url":"https:\/\/porteslorenzo.es\/","name":"Portes Lorenzo","description":"Mudanzas, traslados y transportes industriales de manera f\u00e1cil, flexible y econ\u00f3mica por Madrid, nacional o internacional, para particulares y empresas.","publisher":{"@id":"https:\/\/porteslorenzo.es\/#organization"},"potentialAction":[{"@type":"SearchAction","target":{"@type":"EntryPoint","urlTemplate":"https:\/\/porteslorenzo.es\/?s={search_term_string}"},"query-input":{"@type":"PropertyValueSpecification","valueRequired":true,"valueName":"search_term_string"}}],"inLanguage":"en-GB"},{"@type":"Organization","@id":"https:\/\/porteslorenzo.es\/#organization","name":"Portes Lorenzo","url":"https:\/\/porteslorenzo.es\/","logo":{"@type":"ImageObject","inLanguage":"en-GB","@id":"https:\/\/porteslorenzo.es\/#\/schema\/logo\/image\/","url":"https:\/\/porteslorenzo.es\/wp-content\/uploads\/2024\/06\/Portes_y_Mudanzas_Lorenzo_logo.webp","contentUrl":"https:\/\/porteslorenzo.es\/wp-content\/uploads\/2024\/06\/Portes_y_Mudanzas_Lorenzo_logo.webp","width":521,"height":148,"caption":"Portes Lorenzo"},"image":{"@id":"https:\/\/porteslorenzo.es\/#\/schema\/logo\/image\/"},"sameAs":["https:\/\/www.facebook.com\/porteslorenzo","https:\/\/www.linkedin.com\/company\/portes-lorenzo\/","https:\/\/www.instagram.com\/portes_lorenzo\/"]},{"@type":"Person","@id":"https:\/\/porteslorenzo.es\/#\/schema\/person\/34acffd113866aa26e665730fc932d5b","name":"admin","image":{"@type":"ImageObject","inLanguage":"en-GB","@id":"https:\/\/secure.gravatar.com\/avatar\/965d47d63b7e157e451baceadadb7178d620029904d8f1ae49b1ae3b58e3481f?s=96&d=mm&r=g","url":"https:\/\/secure.gravatar.com\/avatar\/965d47d63b7e157e451baceadadb7178d620029904d8f1ae49b1ae3b58e3481f?s=96&d=mm&r=g","contentUrl":"https:\/\/secure.gravatar.com\/avatar\/965d47d63b7e157e451baceadadb7178d620029904d8f1ae49b1ae3b58e3481f?s=96&d=mm&r=g","caption":"admin"},"url":"https:\/\/porteslorenzo.es\/en\/author\/admin\/"}]}},"_links":{"self":[{"href":"https:\/\/porteslorenzo.es\/en\/wp-json\/wp\/v2\/posts\/539","targetHints":{"allow":["GET"]}}],"collection":[{"href":"https:\/\/porteslorenzo.es\/en\/wp-json\/wp\/v2\/posts"}],"about":[{"href":"https:\/\/porteslorenzo.es\/en\/wp-json\/wp\/v2\/types\/post"}],"author":[{"embeddable":true,"href":"https:\/\/porteslorenzo.es\/en\/wp-json\/wp\/v2\/users\/1"}],"replies":[{"embeddable":true,"href":"https:\/\/porteslorenzo.es\/en\/wp-json\/wp\/v2\/comments?post=539"}],"version-history":[{"count":3,"href":"https:\/\/porteslorenzo.es\/en\/wp-json\/wp\/v2\/posts\/539\/revisions"}],"predecessor-version":[{"id":4132,"href":"https:\/\/porteslorenzo.es\/en\/wp-json\/wp\/v2\/posts\/539\/revisions\/4132"}],"wp:featuredmedia":[{"embeddable":true,"href":"https:\/\/porteslorenzo.es\/en\/wp-json\/wp\/v2\/media\/540"}],"wp:attachment":[{"href":"https:\/\/porteslorenzo.es\/en\/wp-json\/wp\/v2\/media?parent=539"}],"wp:term":[{"taxonomy":"category","embeddable":true,"href":"https:\/\/porteslorenzo.es\/en\/wp-json\/wp\/v2\/categories?post=539"},{"taxonomy":"post_tag","embeddable":true,"href":"https:\/\/porteslorenzo.es\/en\/wp-json\/wp\/v2\/tags?post=539"}],"curies":[{"name":"wp","href":"https:\/\/api.w.org\/{rel}","templated":true}]}}